{"id":540,"date":"2018-03-19T12:15:29","date_gmt":"2018-03-19T11:15:29","guid":{"rendered":"http:\/\/nathaliedesmet.fr\/blog\/?p=540"},"modified":"2018-10-07T12:17:01","modified_gmt":"2018-10-07T10:17:01","slug":"conferencelartiste-un-nouvel-ethnographe-micro-onde-centre-dart-contemporain-de-londe","status":"publish","type":"post","link":"https:\/\/nathaliedesmet.fr\/blog\/conferencelartiste-un-nouvel-ethnographe-micro-onde-centre-dart-contemporain-de-londe\/","title":{"rendered":"CONF\u00c9RENCE>L\u2019artiste, un nouvel ethnographe, Micro Onde \u2014 Centre d\u2019art contemporain de l\u2019Onde"},"content":{"rendered":"<p>Lundi 19 mars\u00a0 2018\u00a0: 19h \u00e0 20h30<\/p>\n<p>L&rsquo;onde Th\u00e9\u00e2tre Centre D&rsquo;art &#8211;\u00a08 Bis Av Louis Breguet &#8211;\u00a078140\u00a0V\u00e9lizy-Villacoublay<\/p>\n<p>Depuis les ann\u00e9es 1990, l\u2019art aurait pris un \u00ab tournant ethnographique \u00bb (Hal Foster). Les artistes contemporains emprunteraient de plus en plus aux m\u00e9thodes de l\u2019ethnographe : enqu\u00eates, immersions, observations de terrain permettant de mieux comprendre l\u2019Autre.<\/p>\n<p>Cette ann\u00e9e, les enseignantes et chercheuses C\u00e9cile Camart et Nathalie Desmet proposent, en lien avec la programmation de Micro Onde, un cycle de conf\u00e9rences sur l\u2019art contemporain et son actualit\u00e9.<\/p>\n<p>Entr\u00e9e libre<\/p>\n<p>&nbsp;<\/p>\n<p>L\u00e9gende\u00a0: Marcos Avila Forero,\u00a0<em>Atrato<\/em>, 2014<br \/>\nVid\u00e9o HD, 16 : 9, couleur, son, 13\u201952\u2019\u2019<br \/>\n\u00c9dition de 5 + 2 EA, version fran\u00e7aise et anglaise<br \/>\nCollection Centre National des Arts Plastiques &#8211; Fonds National d\u2019Art Contemporain<br \/>\nCourtesy de l\u2019artiste et de la Galerie Dohyang Lee<\/p>\n<p>&nbsp;<\/p>\n<p>&nbsp;<\/p>\n<p>&nbsp;<\/p>\n","protected":false},"excerpt":{"rendered":"<p>Lundi 19 mars\u00a0 2018\u00a0: 19h \u00e0 20h30 L&rsquo;onde Th\u00e9\u00e2tre Centre D&rsquo;art &#8211;\u00a08 Bis Av Louis Breguet &#8211;\u00a078140\u00a0V\u00e9lizy-Villacoublay Depuis les ann\u00e9es 1990, l\u2019art aurait pris un \u00ab tournant ethnographique \u00bb (Hal Foster). Les artistes contemporains emprunteraient de plus en plus aux m\u00e9thodes de l\u2019ethnographe : enqu\u00eates, immersions, observations de terrain permettant de mieux comprendre l\u2019Autre. Cette [&hellip;]<\/p>\n","protected":false},"author":1,"featured_media":541,"comment_status":"closed","ping_status":"open","sticky":false,"template":"","format":"standard","meta":[],"categories":[1],"tags":[],"_links":{"self":[{"href":"https:\/\/nathaliedesmet.fr\/blog\/wp-json\/wp\/v2\/posts\/540"}],"collection":[{"href":"https:\/\/nathaliedesmet.fr\/blog\/wp-json\/wp\/v2\/posts"}],"about":[{"href":"https:\/\/nathaliedesmet.fr\/blog\/wp-json\/wp\/v2\/types\/post"}],"author":[{"embeddable":true,"href":"https:\/\/nathaliedesmet.fr\/blog\/wp-json\/wp\/v2\/users\/1"}],"replies":[{"embeddable":true,"href":"https:\/\/nathaliedesmet.fr\/blog\/wp-json\/wp\/v2\/comments?post=540"}],"version-history":[{"count":3,"href":"https:\/\/nathaliedesmet.fr\/blog\/wp-json\/wp\/v2\/posts\/540\/revisions"}],"predecessor-version":[{"id":544,"href":"https:\/\/nathaliedesmet.fr\/blog\/wp-json\/wp\/v2\/posts\/540\/revisions\/544"}],"wp:featuredmedia":[{"embeddable":true,"href":"https:\/\/nathaliedesmet.fr\/blog\/wp-json\/wp\/v2\/media\/541"}],"wp:attachment":[{"href":"https:\/\/nathaliedesmet.fr\/blog\/wp-json\/wp\/v2\/media?parent=540"}],"wp:term":[{"taxonomy":"category","embeddable":true,"href":"https:\/\/nathaliedesmet.fr\/blog\/wp-json\/wp\/v2\/categories?post=540"},{"taxonomy":"post_tag","embeddable":true,"href":"https:\/\/nathaliedesmet.fr\/blog\/wp-json\/wp\/v2\/tags?post=540"}],"curies":[{"name":"wp","href":"https:\/\/api.w.org\/{rel}","templated":true}]}}