{"id":529,"date":"2018-10-07T12:02:39","date_gmt":"2018-10-07T10:02:39","guid":{"rendered":"http:\/\/nathaliedesmet.fr\/blog\/?p=529"},"modified":"2018-10-07T12:04:41","modified_gmt":"2018-10-07T10:04:41","slug":"rechercheexposer-lart-contemporain-les-metiers-du-commissaire-dexposition-cycle-3-universite-paris-8-c-e-a","status":"publish","type":"post","link":"http:\/\/nathaliedesmet.fr\/blog\/rechercheexposer-lart-contemporain-les-metiers-du-commissaire-dexposition-cycle-3-universite-paris-8-c-e-a\/","title":{"rendered":"RECHERCHE>Exposer l\u2019art contemporain : les m\u00e9tiers du commissaire d\u2019exposition \u2013 Cycle 3 \u2013 Universit\u00e9 Paris 8 \/C-e-a"},"content":{"rendered":"<p><strong>L\u2019Universit\u00e9 Paris 8 organise en partenariat avec C-E-A, association fran\u00e7aise des commissaires d&rsquo;exposition, un cycle de conf\u00e9rences, initi\u00e9 par Marianne Derrien et Nathalie Desmet, donnant la parole \u00e0 des professionnels autour des pratiques curatoriales<\/strong><\/p>\n<p>Le cycle de conf\u00e9rences s\u2019inscrit dans le programme p\u00e9dagogique de la licence arts plastiques, il est ouvert en L3 et en Master.<\/p>\n<p><strong>Universit\u00e9 Paris 8\u00a0Vincennes Saint-Denis : 18h \u2013 20h30 \u2013 Amphi Y \u2013 <\/strong>Entr\u00e9e libre dans la limite des places disponibles\u00a0(inscription sur paris8iscuratorial@gmail.com)<\/p>\n<p><strong>&gt; Mardi 6 novembre \u2013<\/strong><strong>\u00c9milie Renard<\/strong><\/p>\n<p>Emilie Renard a \u00e9t\u00e9 directrice de La Galerie, centre d\u2019art contemporain de Noisy-le- Sec entre 2013 et 2018 (lagalerie-cac-noisylesec.fr). Curatrice et critique d\u2019art depuis 2000, ses derni\u00e8res expositions sont : Oeil de lynx et t\u00eate de bois, commissaire associ\u00e9e avec Barbara Sirieix, \u00e0 Occidental temporary, Villejuif, (2016) ; Intense Proximit\u00e9, La Triennale, Paris, (2012), au Palais de Tokyo, commissaire associ\u00e9e avec M\u00e9lanie Bouteloup, Claire Staebler et Abdellah Karroum, \u00e0 Okwui Enwezor, directeur artistique ; Responsable du programme d\u2019expositions \u00e0 l\u2019\u00c9cole nationale sup\u00e9rieure des beaux-arts de Lyon (2012) ; La ronde au centre d\u2019art de la Ferme du Buisson, Noisiel (2011) ; Les Vagues pour les 24\u00b0 Ateliers internationaux du FRAC Pays de la Loire, Carquefou (2010) dont le catalogue est le roman \u00e9ponyme de Virginia Woolf ; Monsieur Miroir pour le 12\u00b0 prix de la Fondation d\u2019entreprise Ricard (2010) ; INSIDERS \u2013 pratiques, usages, savoir-faire, CAPC, Bordeaux, avec Charlotte Laubard et Yann Chateign\u00e9 Tytelman, (2009) ; Bonnes r\u00e9solutions en haute montagne, Atelier Cardenas, Paris (2007), Madame la baronne \u00e9tait plut\u00f4t mani\u00e9r\u00e9e, assez rococo et totalement baroque. Acte 1, Chapitre 2, Volume 3, Livre 4, Maison Populaire, Montreuil (2006). De 2001 \u00e0 2006, elle a co-dirig\u00e9 Public, un lieu ind\u00e9pendant \u00e0 Paris, avec Aur\u00e9lie Voltz et Giovanna Zapperi. De 2002 \u00e0 2010, elle est co\u2014r\u00e9dactrice en chef de la revue Trouble, (troublearchives.wordpress.com), avec Boris Achour et Guillaume D\u00e9sanges, fond\u00e9e avec Claire Jacquet et Fran\u00e7ois Piron. En 2008 et 2009, elle m\u00e8ne une recherche prot\u00e9iforme sur les r\u00e9surgences du mythe arcadien avec un colloque\u2014festival \u00e0 l\u2019Ecole Sup\u00e9rieure d\u2019Art et de Design de Saint\u2014Etienne et sur la revue en ligne rosab.net \u00e9dit\u00e9e par le CAPC.<\/p>\n<p>&nbsp;<\/p>\n<figure id=\"attachment_531\" aria-describedby=\"caption-attachment-531\" style=\"width: 960px\" class=\"wp-caption aligncenter\"><img loading=\"lazy\" class=\"wp-image-531 size-large\" src=\"http:\/\/nathaliedesmet.fr\/blog\/wp-content\/uploads\/2018\/10\/Vue-de-lexposition-Oeil-de-Lynx-et-t\u00eate-de-bois-1024x683.jpg\" alt=\"\" width=\"960\" height=\"640\" srcset=\"http:\/\/nathaliedesmet.fr\/blog\/wp-content\/uploads\/2018\/10\/Vue-de-lexposition-Oeil-de-Lynx-et-t\u00eate-de-bois-1024x683.jpg 1024w, http:\/\/nathaliedesmet.fr\/blog\/wp-content\/uploads\/2018\/10\/Vue-de-lexposition-Oeil-de-Lynx-et-t\u00eate-de-bois-300x200.jpg 300w, http:\/\/nathaliedesmet.fr\/blog\/wp-content\/uploads\/2018\/10\/Vue-de-lexposition-Oeil-de-Lynx-et-t\u00eate-de-bois-768x512.jpg 768w, http:\/\/nathaliedesmet.fr\/blog\/wp-content\/uploads\/2018\/10\/Vue-de-lexposition-Oeil-de-Lynx-et-t\u00eate-de-bois-600x400.jpg 600w, http:\/\/nathaliedesmet.fr\/blog\/wp-content\/uploads\/2018\/10\/Vue-de-lexposition-Oeil-de-Lynx-et-t\u00eate-de-bois.jpg 1800w\" sizes=\"(max-width: 960px) 100vw, 960px\" \/><figcaption id=\"caption-attachment-531\" class=\"wp-caption-text\">Vue de l\u2019exposition \u00ab Oeil de lynx et t\u00eate de bois \u00bb, Occidental Temporary (commissariat : \u00c9milie Renard, Barbara Sirieix)<\/figcaption><\/figure>\n","protected":false},"excerpt":{"rendered":"<p>L\u2019Universit\u00e9 Paris 8 organise en partenariat avec C-E-A, association fran\u00e7aise des commissaires d&rsquo;exposition, un cycle de conf\u00e9rences, initi\u00e9 par Marianne Derrien et Nathalie Desmet, donnant la parole \u00e0 des professionnels autour des pratiques curatoriales Le cycle de conf\u00e9rences s\u2019inscrit dans le programme p\u00e9dagogique de la licence arts plastiques, il est ouvert en L3 et en [&hellip;]<\/p>\n","protected":false},"author":1,"featured_media":530,"comment_status":"closed","ping_status":"open","sticky":false,"template":"","format":"standard","meta":[],"categories":[1],"tags":[],"_links":{"self":[{"href":"http:\/\/nathaliedesmet.fr\/blog\/wp-json\/wp\/v2\/posts\/529"}],"collection":[{"href":"http:\/\/nathaliedesmet.fr\/blog\/wp-json\/wp\/v2\/posts"}],"about":[{"href":"http:\/\/nathaliedesmet.fr\/blog\/wp-json\/wp\/v2\/types\/post"}],"author":[{"embeddable":true,"href":"http:\/\/nathaliedesmet.fr\/blog\/wp-json\/wp\/v2\/users\/1"}],"replies":[{"embeddable":true,"href":"http:\/\/nathaliedesmet.fr\/blog\/wp-json\/wp\/v2\/comments?post=529"}],"version-history":[{"count":2,"href":"http:\/\/nathaliedesmet.fr\/blog\/wp-json\/wp\/v2\/posts\/529\/revisions"}],"predecessor-version":[{"id":533,"href":"http:\/\/nathaliedesmet.fr\/blog\/wp-json\/wp\/v2\/posts\/529\/revisions\/533"}],"wp:featuredmedia":[{"embeddable":true,"href":"http:\/\/nathaliedesmet.fr\/blog\/wp-json\/wp\/v2\/media\/530"}],"wp:attachment":[{"href":"http:\/\/nathaliedesmet.fr\/blog\/wp-json\/wp\/v2\/media?parent=529"}],"wp:term":[{"taxonomy":"category","embeddable":true,"href":"http:\/\/nathaliedesmet.fr\/blog\/wp-json\/wp\/v2\/categories?post=529"},{"taxonomy":"post_tag","embeddable":true,"href":"http:\/\/nathaliedesmet.fr\/blog\/wp-json\/wp\/v2\/tags?post=529"}],"curies":[{"name":"wp","href":"https:\/\/api.w.org\/{rel}","templated":true}]}}